{"id":5878,"date":"2025-03-26T14:13:01","date_gmt":"2025-03-26T12:13:01","guid":{"rendered":"https:\/\/www.sdk-zile.lv\/?p=5878"},"modified":"2025-03-26T14:13:04","modified_gmt":"2025-03-26T12:13:04","slug":"adazu-balva-2025","status":"publish","type":"post","link":"https:\/\/www.sdk-zile.lv\/?p=5878","title":{"rendered":"\u0100da\u017eu balva 2025"},"content":{"rendered":"\n<p>Sestdien, 22.mart\u0101, \u0100da\u017eu Vidusskolas s\u0101kumskolas sporta hall\u0113 norisin\u0101j\u0101s sporta deju deju sacens\u012bbas <strong>\u0100da\u017eu balva 2025<\/strong>.\u00a0<\/p>\n\n\n\n<!--more-->\n\n\n\n<figure class=\"wp-block-image size-full is-resized\"><a href=\"https:\/\/www.sdk-zile.lv\/wp-content\/uploads\/2025\/03\/WhatsApp-Image-2025-03-26-at-13.11.07.jpg\"><img loading=\"lazy\" decoding=\"async\" width=\"750\" height=\"1000\" src=\"https:\/\/www.sdk-zile.lv\/wp-content\/uploads\/2025\/03\/WhatsApp-Image-2025-03-26-at-13.11.07.jpg\" alt=\"\" class=\"wp-image-5885\" style=\"width:399px;height:auto\" srcset=\"https:\/\/www.sdk-zile.lv\/wp-content\/uploads\/2025\/03\/WhatsApp-Image-2025-03-26-at-13.11.07.jpg 750w, https:\/\/www.sdk-zile.lv\/wp-content\/uploads\/2025\/03\/WhatsApp-Image-2025-03-26-at-13.11.07-225x300.jpg 225w\" sizes=\"(max-width: 750px) 100vw, 750px\" \/><\/a><\/figure>\n\n\n\n<p>Ies\u0101c\u0113ju grupas dejot\u0101ji <strong>Georgs ar Ol\u012bviju<\/strong> start\u0113jot Ies\u0101c\u0113ji 2013.dz.g. un jaun\u0101ki 2.-3.l\u012bmenis sacens\u012bb\u0101s ieguva 2.vietu.<\/p>\n\n\n\n<figure class=\"wp-block-gallery has-nested-images columns-default is-cropped wp-block-gallery-1 is-layout-flex wp-block-gallery-is-layout-flex\">\n<figure class=\"wp-block-image size-large\"><a href=\"https:\/\/www.sdk-zile.lv\/wp-content\/uploads\/2025\/03\/WhatsApp-Image-2025-03-26-at-09.55.39.jpg\"><img loading=\"lazy\" decoding=\"async\" width=\"750\" height=\"1000\" data-id=\"5880\" src=\"https:\/\/www.sdk-zile.lv\/wp-content\/uploads\/2025\/03\/WhatsApp-Image-2025-03-26-at-09.55.39.jpg\" alt=\"\" class=\"wp-image-5880\" srcset=\"https:\/\/www.sdk-zile.lv\/wp-content\/uploads\/2025\/03\/WhatsApp-Image-2025-03-26-at-09.55.39.jpg 750w, https:\/\/www.sdk-zile.lv\/wp-content\/uploads\/2025\/03\/WhatsApp-Image-2025-03-26-at-09.55.39-225x300.jpg 225w\" sizes=\"(max-width: 750px) 100vw, 750px\" \/><\/a><\/figure>\n\n\n\n<figure class=\"wp-block-image size-large\"><a href=\"https:\/\/www.sdk-zile.lv\/wp-content\/uploads\/2025\/03\/WhatsApp-Image-2025-03-26-at-09.55.46.jpg\"><img loading=\"lazy\" decoding=\"async\" width=\"750\" height=\"1000\" data-id=\"5879\" src=\"https:\/\/www.sdk-zile.lv\/wp-content\/uploads\/2025\/03\/WhatsApp-Image-2025-03-26-at-09.55.46.jpg\" alt=\"\" class=\"wp-image-5879\" srcset=\"https:\/\/www.sdk-zile.lv\/wp-content\/uploads\/2025\/03\/WhatsApp-Image-2025-03-26-at-09.55.46.jpg 750w, https:\/\/www.sdk-zile.lv\/wp-content\/uploads\/2025\/03\/WhatsApp-Image-2025-03-26-at-09.55.46-225x300.jpg 225w\" sizes=\"(max-width: 750px) 100vw, 750px\" \/><\/a><\/figure>\n<\/figure>\n\n\n\n<p>B\u0113rnu II grupas dejot\u0101ji <strong>Haralds un Amanda<\/strong> start\u0113ja div\u0101s programm\u0101s. Vispirms start\u0113jot B\u0113rni I+II E4\u00a0klases sacens\u012bb\u0101s no ceturtda\u013cfin\u0101la iek\u013c\u016bstot pusfin\u0101l\u0101 ierindoj\u0101s 12.viet\u0101. P\u0113c tam start\u0113jot B\u0113rni 6 dejas sacens\u012bb\u0101s izc\u012bnija 5.vietu.<\/p>\n\n\n\n<figure class=\"wp-block-gallery has-nested-images columns-default is-cropped wp-block-gallery-2 is-layout-flex wp-block-gallery-is-layout-flex\">\n<figure class=\"wp-block-image size-large\"><a href=\"https:\/\/www.sdk-zile.lv\/wp-content\/uploads\/2025\/03\/WhatsApp-Image-2025-03-23-at-13.39.53.jpg\"><img loading=\"lazy\" decoding=\"async\" width=\"563\" height=\"750\" data-id=\"5883\" src=\"https:\/\/www.sdk-zile.lv\/wp-content\/uploads\/2025\/03\/WhatsApp-Image-2025-03-23-at-13.39.53-edited.jpg\" alt=\"\" class=\"wp-image-5883\" srcset=\"https:\/\/www.sdk-zile.lv\/wp-content\/uploads\/2025\/03\/WhatsApp-Image-2025-03-23-at-13.39.53-edited.jpg 563w, https:\/\/www.sdk-zile.lv\/wp-content\/uploads\/2025\/03\/WhatsApp-Image-2025-03-23-at-13.39.53-edited-225x300.jpg 225w\" sizes=\"(max-width: 563px) 100vw, 563px\" \/><\/a><\/figure>\n\n\n\n<figure class=\"wp-block-image size-large\"><a href=\"https:\/\/www.sdk-zile.lv\/wp-content\/uploads\/2025\/03\/WhatsApp-Image-2025-03-23-at-13.39.54.jpg\"><img loading=\"lazy\" decoding=\"async\" width=\"750\" height=\"1000\" data-id=\"5882\" src=\"https:\/\/www.sdk-zile.lv\/wp-content\/uploads\/2025\/03\/WhatsApp-Image-2025-03-23-at-13.39.54.jpg\" alt=\"\" class=\"wp-image-5882\" srcset=\"https:\/\/www.sdk-zile.lv\/wp-content\/uploads\/2025\/03\/WhatsApp-Image-2025-03-23-at-13.39.54.jpg 750w, https:\/\/www.sdk-zile.lv\/wp-content\/uploads\/2025\/03\/WhatsApp-Image-2025-03-23-at-13.39.54-225x300.jpg 225w\" sizes=\"(max-width: 750px) 100vw, 750px\" \/><\/a><\/figure>\n<\/figure>\n\n\n\n<p>Juniori I grupas dejot\u0101ji <strong>Sendijs un Elvita<\/strong> start\u0113ja Latvijas Reitinga Juniori I 8 dejas sacens\u012bb\u0101s un izc\u012bn\u012bja 2.vietu.<\/p>\n\n\n\n<figure class=\"wp-block-image size-full is-resized\"><a href=\"https:\/\/www.sdk-zile.lv\/wp-content\/uploads\/2025\/03\/WhatsApp-Image-2025-03-26-at-13.15.47.jpg\"><img loading=\"lazy\" decoding=\"async\" width=\"750\" height=\"1000\" src=\"https:\/\/www.sdk-zile.lv\/wp-content\/uploads\/2025\/03\/WhatsApp-Image-2025-03-26-at-13.15.47.jpg\" alt=\"\" class=\"wp-image-5886\" style=\"width:398px;height:auto\" srcset=\"https:\/\/www.sdk-zile.lv\/wp-content\/uploads\/2025\/03\/WhatsApp-Image-2025-03-26-at-13.15.47.jpg 750w, https:\/\/www.sdk-zile.lv\/wp-content\/uploads\/2025\/03\/WhatsApp-Image-2025-03-26-at-13.15.47-225x300.jpg 225w\" sizes=\"(max-width: 750px) 100vw, 750px\" \/><\/a><\/figure>\n\n\n\n<p>Juniori I grupas dejot\u0101ji <strong>Roberts un Alise<\/strong> start\u0113jot Juniori I E6 klases sacens\u012bb\u0101s izc\u012bn\u012bja 1.vietu.<\/p>\n","protected":false},"excerpt":{"rendered":"<p>Sestdien, 22.mart\u0101, \u0100da\u017eu Vidusskolas s\u0101kumskolas sporta hall\u0113 norisin\u0101j\u0101s sporta deju deju sacens\u012bbas \u0100da\u017eu balva 2025.\u00a0<\/p><p><a class=\"more-link block-button\" href=\"https:\/\/www.sdk-zile.lv\/?p=5878\">Las\u012bt t\u0101l\u0101k &raquo;<\/a><\/p>\n","protected":false},"author":1,"featured_media":5884,"comment_status":"open","ping_status":"closed","sticky":false,"template":"","format":"standard","meta":{"footnotes":"","_links_to":"","_links_to_target":""},"categories":[7],"tags":[35,20],"class_list":["post-5878","post","type-post","status-publish","format-standard","has-post-thumbnail","hentry","category-jaunumi","tag-22-marta","tag-sestdien","nodate"],"_links":{"self":[{"href":"https:\/\/www.sdk-zile.lv\/index.php?rest_route=\/wp\/v2\/posts\/5878"}],"collection":[{"href":"https:\/\/www.sdk-zile.lv\/index.php?rest_route=\/wp\/v2\/posts"}],"about":[{"href":"https:\/\/www.sdk-zile.lv\/index.php?rest_route=\/wp\/v2\/types\/post"}],"author":[{"embeddable":true,"href":"https:\/\/www.sdk-zile.lv\/index.php?rest_route=\/wp\/v2\/users\/1"}],"replies":[{"embeddable":true,"href":"https:\/\/www.sdk-zile.lv\/index.php?rest_route=%2Fwp%2Fv2%2Fcomments&post=5878"}],"version-history":[{"count":1,"href":"https:\/\/www.sdk-zile.lv\/index.php?rest_route=\/wp\/v2\/posts\/5878\/revisions"}],"predecessor-version":[{"id":5887,"href":"https:\/\/www.sdk-zile.lv\/index.php?rest_route=\/wp\/v2\/posts\/5878\/revisions\/5887"}],"wp:featuredmedia":[{"embeddable":true,"href":"https:\/\/www.sdk-zile.lv\/index.php?rest_route=\/wp\/v2\/media\/5884"}],"wp:attachment":[{"href":"https:\/\/www.sdk-zile.lv\/index.php?rest_route=%2Fwp%2Fv2%2Fmedia&parent=5878"}],"wp:term":[{"taxonomy":"category","embeddable":true,"href":"https:\/\/www.sdk-zile.lv\/index.php?rest_route=%2Fwp%2Fv2%2Fcategories&post=5878"},{"taxonomy":"post_tag","embeddable":true,"href":"https:\/\/www.sdk-zile.lv\/index.php?rest_route=%2Fwp%2Fv2%2Ftags&post=5878"}],"curies":[{"name":"wp","href":"https:\/\/api.w.org\/{rel}","templated":true}]}}